{"id":378,"date":"2025-10-03T12:57:36","date_gmt":"2025-10-03T12:57:36","guid":{"rendered":"http:\/\/avih.org\/?p=378"},"modified":"2025-10-03T13:31:56","modified_gmt":"2025-10-03T13:31:56","slug":"journee-depistage-juin-vert","status":"publish","type":"post","link":"https:\/\/avih.org\/index.php\/2025\/10\/03\/journee-depistage-juin-vert\/","title":{"rendered":"Journ\u00e9e d\u00e9pistage <br>-Juin Vert-"},"content":{"rendered":"<p><span dir=\"auto\" style=\"vertical-align: inherit;\"><span dir=\"auto\" style=\"vertical-align: inherit;\"><span dir=\"auto\" style=\"vertical-align: inherit;\"><span dir=\"auto\" style=\"vertical-align: inherit;\"><span dir=\"auto\" style=\"vertical-align: inherit;\"><span dir=\"auto\" style=\"vertical-align: inherit;\"><span dir=\"auto\" style=\"vertical-align: inherit;\"><span dir=\"auto\" style=\"vertical-align: inherit;\">Dans le cadre de l&rsquo;op\u00e9ration \u00ab Juin Vert \u00bb organis\u00e9e par la CPTS du Val Maubu\u00e9e, une action de d\u00e9pistage du cancer du col de l&rsquo;ut\u00e9rus et de sensibilisation \u00e0 la vaccination contre le Papillomavirus s&rsquo;est d\u00e9roul\u00e9e le 19 juin 2025 en partenariat avec la MSPU de Torcy et le GHEF de Marne la Vall\u00e9e dont la PASS mobile, le Centre de Sant\u00e9 Sexuelle et le centre de vaccination. 11 femmes ont pu b\u00e9n\u00e9ficier d\u2019un d\u00e9pistage et d\u2019informations.<\/span><\/span><\/span><\/span><\/span><\/span><\/span><\/span><\/p>\n","protected":false},"excerpt":{"rendered":"<p>Dans le cadre de l&rsquo;op\u00e9ration \u00ab Juin Vert \u00bb organis\u00e9e par la CPTS du Val Maubu\u00e9e, une action de d\u00e9pistage du cancer du col de l&rsquo;ut\u00e9rus et de sensibilisation \u00e0 la vaccination contre le Papillomavirus s&rsquo;est d\u00e9roul\u00e9e le 19 juin 2025 en partenariat avec la MSPU de Torcy et le GHEF de Marne la Vall\u00e9e [&hellip;]<\/p>\n","protected":false},"author":1,"featured_media":379,"comment_status":"open","ping_status":"open","sticky":false,"template":"","format":"standard","meta":{"footnotes":""},"categories":[8],"tags":[],"class_list":["post-378","post","type-post","status-publish","format-standard","has-post-thumbnail","hentry","category-evenement"],"_links":{"self":[{"href":"https:\/\/avih.org\/index.php\/wp-json\/wp\/v2\/posts\/378","targetHints":{"allow":["GET"]}}],"collection":[{"href":"https:\/\/avih.org\/index.php\/wp-json\/wp\/v2\/posts"}],"about":[{"href":"https:\/\/avih.org\/index.php\/wp-json\/wp\/v2\/types\/post"}],"author":[{"embeddable":true,"href":"https:\/\/avih.org\/index.php\/wp-json\/wp\/v2\/users\/1"}],"replies":[{"embeddable":true,"href":"https:\/\/avih.org\/index.php\/wp-json\/wp\/v2\/comments?post=378"}],"version-history":[{"count":5,"href":"https:\/\/avih.org\/index.php\/wp-json\/wp\/v2\/posts\/378\/revisions"}],"predecessor-version":[{"id":399,"href":"https:\/\/avih.org\/index.php\/wp-json\/wp\/v2\/posts\/378\/revisions\/399"}],"wp:featuredmedia":[{"embeddable":true,"href":"https:\/\/avih.org\/index.php\/wp-json\/wp\/v2\/media\/379"}],"wp:attachment":[{"href":"https:\/\/avih.org\/index.php\/wp-json\/wp\/v2\/media?parent=378"}],"wp:term":[{"taxonomy":"category","embeddable":true,"href":"https:\/\/avih.org\/index.php\/wp-json\/wp\/v2\/categories?post=378"},{"taxonomy":"post_tag","embeddable":true,"href":"https:\/\/avih.org\/index.php\/wp-json\/wp\/v2\/tags?post=378"}],"curies":[{"name":"wp","href":"https:\/\/api.w.org\/{rel}","templated":true}]}}