{"id":385,"date":"2025-10-03T13:03:07","date_gmt":"2025-10-03T13:03:07","guid":{"rendered":"http:\/\/avih.org\/?p=385"},"modified":"2025-10-03T13:21:33","modified_gmt":"2025-10-03T13:21:33","slug":"formation-violences-et-accompagnement","status":"publish","type":"post","link":"https:\/\/avih.org\/index.php\/2025\/10\/03\/formation-violences-et-accompagnement\/","title":{"rendered":"Violences et accompagnement"},"content":{"rendered":"<p><strong>&#8211; Penser la corr\u00e9lation entre les violences v\u00e9cues et les difficult\u00e9s de professionnels &#8211;<\/strong><br \/>\nPermettre aux professionnels en charge de l&rsquo;accompagnement des MNA du 77 d&rsquo;explorer, \u00e0 travers diff\u00e9rentes approches, les complexit\u00e9s de ces parcours et de sensibiliser les acteurs \u00e0 la clinique de l&rsquo;exil, de l&rsquo;adolescence et du psycho traumatisme.<\/p>\n","protected":false},"excerpt":{"rendered":"<p>&#8211; Penser la corr\u00e9lation entre les violences v\u00e9cues et les difficult\u00e9s de professionnels &#8211; Permettre aux professionnels en charge de l&rsquo;accompagnement des MNA du 77 d&rsquo;explorer, \u00e0 travers diff\u00e9rentes approches, les complexit\u00e9s de ces parcours et de sensibiliser les acteurs \u00e0 la clinique de l&rsquo;exil, de l&rsquo;adolescence et du psycho traumatisme.<\/p>\n","protected":false},"author":1,"featured_media":382,"comment_status":"open","ping_status":"open","sticky":false,"template":"","format":"standard","meta":{"footnotes":""},"categories":[9],"tags":[],"class_list":["post-385","post","type-post","status-publish","format-standard","has-post-thumbnail","hentry","category-formation"],"_links":{"self":[{"href":"https:\/\/avih.org\/index.php\/wp-json\/wp\/v2\/posts\/385","targetHints":{"allow":["GET"]}}],"collection":[{"href":"https:\/\/avih.org\/index.php\/wp-json\/wp\/v2\/posts"}],"about":[{"href":"https:\/\/avih.org\/index.php\/wp-json\/wp\/v2\/types\/post"}],"author":[{"embeddable":true,"href":"https:\/\/avih.org\/index.php\/wp-json\/wp\/v2\/users\/1"}],"replies":[{"embeddable":true,"href":"https:\/\/avih.org\/index.php\/wp-json\/wp\/v2\/comments?post=385"}],"version-history":[{"count":4,"href":"https:\/\/avih.org\/index.php\/wp-json\/wp\/v2\/posts\/385\/revisions"}],"predecessor-version":[{"id":394,"href":"https:\/\/avih.org\/index.php\/wp-json\/wp\/v2\/posts\/385\/revisions\/394"}],"wp:featuredmedia":[{"embeddable":true,"href":"https:\/\/avih.org\/index.php\/wp-json\/wp\/v2\/media\/382"}],"wp:attachment":[{"href":"https:\/\/avih.org\/index.php\/wp-json\/wp\/v2\/media?parent=385"}],"wp:term":[{"taxonomy":"category","embeddable":true,"href":"https:\/\/avih.org\/index.php\/wp-json\/wp\/v2\/categories?post=385"},{"taxonomy":"post_tag","embeddable":true,"href":"https:\/\/avih.org\/index.php\/wp-json\/wp\/v2\/tags?post=385"}],"curies":[{"name":"wp","href":"https:\/\/api.w.org\/{rel}","templated":true}]}}